{"id":16801,"date":"2018-04-23T09:41:43","date_gmt":"2018-04-23T07:41:43","guid":{"rendered":"http:\/\/www.legeasll.com\/asll\/?p=16801"},"modified":"2018-04-23T10:02:36","modified_gmt":"2018-04-23T08:02:36","slug":"la-guyonniere-85-220518","status":"publish","type":"post","link":"https:\/\/www.legeasll.com\/asll\/2018\/04\/23\/la-guyonniere-85-220518\/","title":{"rendered":"La Guyonni\u00e8re (85) &#8211; 22\/04\/18"},"content":{"rendered":"<p><strong>M\u00e9t\u00e9o<\/strong> : Grand beau temps ensoleill\u00e9<br \/>\n<strong>Chiffres<\/strong> : 23 randonneurs, 13,5 km<br \/>\nPar une\u00a0belle matin\u00e9e de printemps, nous voil\u00e0 partis sur le <a href=\"https:\/\/www.cirkwi.com\/fr\/circuit\/60014-meslay-la-guyonniere\" target=\"_blank\" rel=\"noopener\">sentier de Meslay<\/a> pour 3 heures de marche.<br \/>\nCe sentier qui nous conduit \u00e0 la grotte Notre-Dame construite en 1876, et ensuite \u00e0 l\u2019abbaye de Meslay qui date de 1867 (cette abbaye est une propri\u00e9t\u00e9 priv\u00e9e qui\u00a0abrite un <a href=\"http:\/\/www.meslay.org\/\" target=\"_blank\" rel=\"noopener\">centre de formation<\/a>), on y trouve l\u2019abbaye et une chapelle.<br \/>\nDe l\u00e0 nous nous dirigeons vers la route nationale Montaigu\/Cholet, o\u00f9 se trouve, en face de l\u2019all\u00e9e de Meslay, le calvaire du P\u00e8re de Monfort, \u00e9rig\u00e9 en 1889. Tous ces monuments furent \u00e9rig\u00e9s par l\u2019Abb\u00e9 de Suyrot.<br \/>\nEn fin de parcours, nous traversons le village de la Gobti\u00e8re o\u00f9 se trouve un pont ancien qui enjambe le cours d\u2019eau\u00a0 l\u2019Asson.<br \/>\nLe sentier est tr\u00e8s bien balis\u00e9 et n\u2019apporte pas de commentaire particulier. Il est 12h45 quand nous nous s\u00e9parons apr\u00e8s cette jolie ballade dans la campagne fleurie.<\/p>\n<p>Acc\u00e8s \u00e0 l&rsquo;<a href=\"https:\/\/photos.app.goo.gl\/HntEx7sV2jeT0rUn1\" target=\"_blank\" rel=\"noopener\">album photo d&rsquo;Anne<\/a><\/p>\n","protected":false},"excerpt":{"rendered":"<p>M\u00e9t\u00e9o : Grand beau temps ensoleill\u00e9 Chiffres : 23 randonneurs, 13,5 km Par une\u00a0belle matin\u00e9e de printemps, nous voil\u00e0 partis [&hellip;]<\/p>\n","protected":false},"author":2,"featured_media":16800,"comment_status":"open","ping_status":"open","sticky":false,"template":"","format":"standard","meta":{"site-sidebar-layout":"default","site-content-layout":"","ast-site-content-layout":"default","site-content-style":"default","site-sidebar-style":"default","ast-global-header-display":"","ast-banner-title-visibility":"","ast-main-header-display":"","ast-hfb-above-header-display":"","ast-hfb-below-header-display":"","ast-hfb-mobile-header-display":"","site-post-title":"","ast-breadcrumbs-content":"","ast-featured-img":"","footer-sml-layout":"","theme-transparent-header-meta":"","adv-header-id-meta":"","stick-header-meta":"","header-above-stick-meta":"","header-main-stick-meta":"","header-below-stick-meta":"","astra-migrate-meta-layouts":"default","ast-page-background-enabled":"default","ast-page-background-meta":{"desktop":{"background-color":"var(--ast-global-color-5)","background-image":"","background-repeat":"repeat","background-position":"center center","background-size":"auto","background-attachment":"scroll","background-type":"","background-media":"","overlay-type":"","overlay-color":"","overlay-opacity":"","overlay-gradient":""},"tablet":{"background-color":"","background-image":"","background-repeat":"repeat","background-position":"center center","background-size":"auto","background-attachment":"scroll","background-type":"","background-media":"","overlay-type":"","overlay-color":"","overlay-opacity":"","overlay-gradient":""},"mobile":{"background-color":"","background-image":"","background-repeat":"repeat","background-position":"center center","background-size":"auto","background-attachment":"scroll","background-type":"","background-media":"","overlay-type":"","overlay-color":"","overlay-opacity":"","overlay-gradient":""}},"ast-content-background-meta":{"desktop":{"background-color":"var(--ast-global-color-4)","background-image":"","background-repeat":"repeat","background-position":"center center","background-size":"auto","background-attachment":"scroll","background-type":"","background-media":"","overlay-type":"","overlay-color":"","overlay-opacity":"","overlay-gradient":""},"tablet":{"background-color":"var(--ast-global-color-4)","background-image":"","background-repeat":"repeat","background-position":"center center","background-size":"auto","background-attachment":"scroll","background-type":"","background-media":"","overlay-type":"","overlay-color":"","overlay-opacity":"","overlay-gradient":""},"mobile":{"background-color":"var(--ast-global-color-4)","background-image":"","background-repeat":"repeat","background-position":"center center","background-size":"auto","background-attachment":"scroll","background-type":"","background-media":"","overlay-type":"","overlay-color":"","overlay-opacity":"","overlay-gradient":""}},"footnotes":""},"categories":[131],"tags":[],"class_list":["post-16801","post","type-post","status-publish","format-standard","has-post-thumbnail","hentry","category-randonnee-pedestre"],"_links":{"self":[{"href":"https:\/\/www.legeasll.com\/asll\/wp-json\/wp\/v2\/posts\/16801","targetHints":{"allow":["GET"]}}],"collection":[{"href":"https:\/\/www.legeasll.com\/asll\/wp-json\/wp\/v2\/posts"}],"about":[{"href":"https:\/\/www.legeasll.com\/asll\/wp-json\/wp\/v2\/types\/post"}],"author":[{"embeddable":true,"href":"https:\/\/www.legeasll.com\/asll\/wp-json\/wp\/v2\/users\/2"}],"replies":[{"embeddable":true,"href":"https:\/\/www.legeasll.com\/asll\/wp-json\/wp\/v2\/comments?post=16801"}],"version-history":[{"count":4,"href":"https:\/\/www.legeasll.com\/asll\/wp-json\/wp\/v2\/posts\/16801\/revisions"}],"predecessor-version":[{"id":16805,"href":"https:\/\/www.legeasll.com\/asll\/wp-json\/wp\/v2\/posts\/16801\/revisions\/16805"}],"wp:featuredmedia":[{"embeddable":true,"href":"https:\/\/www.legeasll.com\/asll\/wp-json\/wp\/v2\/media\/16800"}],"wp:attachment":[{"href":"https:\/\/www.legeasll.com\/asll\/wp-json\/wp\/v2\/media?parent=16801"}],"wp:term":[{"taxonomy":"category","embeddable":true,"href":"https:\/\/www.legeasll.com\/asll\/wp-json\/wp\/v2\/categories?post=16801"},{"taxonomy":"post_tag","embeddable":true,"href":"https:\/\/www.legeasll.com\/asll\/wp-json\/wp\/v2\/tags?post=16801"}],"curies":[{"name":"wp","href":"https:\/\/api.w.org\/{rel}","templated":true}]}}